{"id":2932,"date":"2023-12-22T11:21:33","date_gmt":"2023-12-22T10:21:33","guid":{"rendered":"https:\/\/www.next-care.eu\/buena-practica-gizarea-implantacion-del-modelo-de-atencion-centrada-en-las-relaciones-en-una-residencia-para-personas-con-demencia-euskadi\/"},"modified":"2023-12-28T16:19:21","modified_gmt":"2023-12-28T15:19:21","slug":"buena-practica-gizarea-implantacion-del-modelo-de-atencion-centrada-en-las-relaciones-en-una-residencia-para-personas-con-demencia-euskadi","status":"publish","type":"post","link":"https:\/\/www.next-care.eu\/fr\/buena-practica-gizarea-implantacion-del-modelo-de-atencion-centrada-en-las-relaciones-en-una-residencia-para-personas-con-demencia-euskadi\/","title":{"rendered":"Bonne pratique : \u00ab\u00a0Gizarea\u00a0\u00bb. Mise en \u0153uvre du mod\u00e8le de soins centr\u00e9s sur la relation dans une r\u00e9sidence pour personnes atteintes de d\u00e9mence (EUSKADI)."},"content":{"rendered":"\n<p>Le projet \u00ab\u00a0<strong>Gizarea\u00a0\u00bb<\/strong> a d\u00e9but\u00e9 en octobre 2021 et s&rsquo;est achev\u00e9 en mai 2022. L&rsquo;objectif \u00e9tait d&rsquo;implanter le mod\u00e8le de soins centr\u00e9s sur les relations dans l&rsquo;un des deux modules d&rsquo;une r\u00e9sidence pour personnes atteintes de d\u00e9mence avanc\u00e9e de l&rsquo;Institut Foral de Bien-\u00eatre Social, \u00e0 Vitoria-Gasteiz. L&rsquo;id\u00e9e \u00e9tait de transformer le mod\u00e8le de soins pour les personnes atteintes de d\u00e9mence s\u00e9v\u00e8re, en mettant l&rsquo;accent sur les r\u00e9sidents, les familles et les professionnels, afin d&rsquo;augmenter le bien-\u00eatre de toutes les parties gr\u00e2ce \u00e0 la construction de relations.<\/p>\n\n\n\n<p>En fin de compte, il s&rsquo;agissait d&rsquo;accro\u00eetre le bien-\u00eatre au travail et l&rsquo;engagement des professionnels, afin d&rsquo;atteindre les niveaux de d\u00e9vouement et d&rsquo;enthousiasme n\u00e9cessaires pour favoriser le d\u00e9veloppement du <strong>Projet<\/strong> <strong>Innovant GIZAREA (humain + r\u00e9seau),<\/strong> transformant ainsi la r\u00e9sidence en une communaut\u00e9 de soins o\u00f9 la participation active des familles avec l&rsquo;\u00e9quipe professionnelle dans les soins serait construite et encourag\u00e9e.<\/p>\n\n\n\n<p>Des sessions de formation ont \u00e9t\u00e9 organis\u00e9es (avec des fonds <strong>NEXT-GENERATION<\/strong> et de la D\u00e9putation forale de Alava) auxquelles ont particip\u00e9 des membres de la famille des r\u00e9sidents et du personnel des centres. Les niveaux de bien-\u00eatre \u00e9motionnel, personnel, professionnel et d&rsquo;engagement de l&rsquo;\u00e9quipe professionnelle ont \u00e9t\u00e9 \u00e9valu\u00e9s, montrant une augmentation de cet engagement.<\/p>\n\n\n\n<p>Parmi les r\u00e9sultats, on note que l&rsquo;\u00e9tablissement de liens et de relations authentiques entre tous les participants aux soins des personnes a contribu\u00e9 \u00e0 r\u00e9duire l&rsquo;administration de m\u00e9dicaments et \u00e0 rendre l&rsquo;\u00e9tat g\u00e9n\u00e9ral des personnes \u00e2g\u00e9es moins fragile, am\u00e9liorant ainsi leur qualit\u00e9 de vie.<\/p>\n\n\n\n<p>Les membres de la famille des r\u00e9sidents ont reconnu les efforts, soulignant que \u00ab\u00a0les choses vont beaucoup mieux, non seulement pour les r\u00e9sidents, mais aussi dans la relation entre le personnel et les familles\u00a0\u00bb.<\/p>\n\n\n\n<p><strong>Vous souhaitez prendre contact avec cette bonne pratique ? \u00c9crivez \u00e0 : project@next-care.eu<\/strong><\/p>\n","protected":false},"excerpt":{"rendered":"<p>Le projet \u00ab\u00a0Gizarea\u00a0\u00bb a d\u00e9but\u00e9 en octobre 2021 et s&rsquo;est achev\u00e9 en mai 2022. L&rsquo;objectif \u00e9tait d&rsquo;implanter le mod\u00e8le de soins centr\u00e9s sur les relations dans l&rsquo;un des deux modules d&rsquo;une r\u00e9sidence pour personnes atteintes de d\u00e9mence avanc\u00e9e de l&rsquo;Institut Foral de Bien-\u00eatre Social, \u00e0 Vitoria-Gasteiz. L&rsquo;id\u00e9e \u00e9tait de transformer le mod\u00e8le de soins pour [&hellip;]<\/p>\n","protected":false},"author":3,"featured_media":2823,"comment_status":"closed","ping_status":"closed","sticky":false,"template":"","format":"standard","meta":{"_et_pb_use_builder":"off","_et_pb_old_content":"","_et_gb_content_width":"","sfsi_plus_gutenberg_text_before_share":"","sfsi_plus_gutenberg_show_text_before_share":"","sfsi_plus_gutenberg_icon_type":"","sfsi_plus_gutenberg_icon_alignemt":"","sfsi_plus_gutenburg_max_per_row":"","footnotes":""},"categories":[8],"tags":[],"class_list":["post-2932","post","type-post","status-publish","format-standard","has-post-thumbnail","hentry","category-non-classifiee"],"yoast_head":"<!-- This site is optimized with the Yoast SEO plugin v27.5 - https:\/\/yoast.com\/product\/yoast-seo-wordpress\/ -->\n<title>Bonne pratique : &quot;Gizarea&quot;. Mise en \u0153uvre du mod\u00e8le de soins centr\u00e9s sur la relation dans une r\u00e9sidence pour personnes atteintes de d\u00e9mence (EUSKADI). - Next Care | Ekosistema<\/title>\n<meta name=\"robots\" content=\"index, follow, max-snippet:-1, max-image-preview:large, max-video-preview:-1\" \/>\n<link rel=\"canonical\" href=\"https:\/\/www.next-care.eu\/fr\/buena-practica-gizarea-implantacion-del-modelo-de-atencion-centrada-en-las-relaciones-en-una-residencia-para-personas-con-demencia-euskadi\/\" \/>\n<meta property=\"og:locale\" content=\"fr_FR\" \/>\n<meta property=\"og:type\" content=\"article\" \/>\n<meta property=\"og:title\" content=\"Bonne pratique : &quot;Gizarea&quot;. Mise en \u0153uvre du mod\u00e8le de soins centr\u00e9s sur la relation dans une r\u00e9sidence pour personnes atteintes de d\u00e9mence (EUSKADI). - Next Care | Ekosistema\" \/>\n<meta property=\"og:description\" content=\"Le projet \u00ab\u00a0Gizarea\u00a0\u00bb a d\u00e9but\u00e9 en octobre 2021 et s&rsquo;est achev\u00e9 en mai 2022. L&rsquo;objectif \u00e9tait d&rsquo;implanter le mod\u00e8le de soins centr\u00e9s sur les relations dans l&rsquo;un des deux modules d&rsquo;une r\u00e9sidence pour personnes atteintes de d\u00e9mence avanc\u00e9e de l&rsquo;Institut Foral de Bien-\u00eatre Social, \u00e0 Vitoria-Gasteiz. L&rsquo;id\u00e9e \u00e9tait de transformer le mod\u00e8le de soins pour [&hellip;]\" \/>\n<meta property=\"og:url\" content=\"https:\/\/www.next-care.eu\/fr\/buena-practica-gizarea-implantacion-del-modelo-de-atencion-centrada-en-las-relaciones-en-una-residencia-para-personas-con-demencia-euskadi\/\" \/>\n<meta property=\"og:site_name\" content=\"Next Care | Ekosistema\" \/>\n<meta property=\"article:published_time\" content=\"2023-12-22T10:21:33+00:00\" \/>\n<meta property=\"article:modified_time\" content=\"2023-12-28T15:19:21+00:00\" \/>\n<meta property=\"og:image\" content=\"https:\/\/www.next-care.eu\/wp-content\/uploads\/2023\/12\/trabajo-equipo-redes-1024x705.jpg\" \/>\n\t<meta property=\"og:image:width\" content=\"1024\" \/>\n\t<meta property=\"og:image:height\" content=\"705\" \/>\n\t<meta property=\"og:image:type\" content=\"image\/jpeg\" \/>\n<meta name=\"author\" content=\"Next Care\" \/>\n<meta name=\"twitter:card\" content=\"summary_large_image\" \/>\n<meta name=\"twitter:label1\" content=\"\u00c9crit par\" \/>\n\t<meta name=\"twitter:data1\" content=\"Next Care\" \/>\n\t<meta name=\"twitter:label2\" content=\"Dur\u00e9e de lecture estim\u00e9e\" \/>\n\t<meta name=\"twitter:data2\" content=\"2 minutes\" \/>\n<script type=\"application\/ld+json\" class=\"yoast-schema-graph\">{\"@context\":\"https:\\\/\\\/schema.org\",\"@graph\":[{\"@type\":\"Article\",\"@id\":\"https:\\\/\\\/www.next-care.eu\\\/fr\\\/buena-practica-gizarea-implantacion-del-modelo-de-atencion-centrada-en-las-relaciones-en-una-residencia-para-personas-con-demencia-euskadi\\\/#article\",\"isPartOf\":{\"@id\":\"https:\\\/\\\/www.next-care.eu\\\/fr\\\/buena-practica-gizarea-implantacion-del-modelo-de-atencion-centrada-en-las-relaciones-en-una-residencia-para-personas-con-demencia-euskadi\\\/\"},\"author\":{\"name\":\"Next Care\",\"@id\":\"https:\\\/\\\/www.next-care.eu\\\/fr\\\/#\\\/schema\\\/person\\\/99992bc1887053a1eaf92e6ecbbeeb7b\"},\"headline\":\"Bonne pratique : \u00ab\u00a0Gizarea\u00a0\u00bb. Mise en \u0153uvre du mod\u00e8le de soins centr\u00e9s sur la relation dans une r\u00e9sidence pour personnes atteintes de d\u00e9mence (EUSKADI).\",\"datePublished\":\"2023-12-22T10:21:33+00:00\",\"dateModified\":\"2023-12-28T15:19:21+00:00\",\"mainEntityOfPage\":{\"@id\":\"https:\\\/\\\/www.next-care.eu\\\/fr\\\/buena-practica-gizarea-implantacion-del-modelo-de-atencion-centrada-en-las-relaciones-en-una-residencia-para-personas-con-demencia-euskadi\\\/\"},\"wordCount\":351,\"publisher\":{\"@id\":\"https:\\\/\\\/www.next-care.eu\\\/fr\\\/#organization\"},\"image\":{\"@id\":\"https:\\\/\\\/www.next-care.eu\\\/fr\\\/buena-practica-gizarea-implantacion-del-modelo-de-atencion-centrada-en-las-relaciones-en-una-residencia-para-personas-con-demencia-euskadi\\\/#primaryimage\"},\"thumbnailUrl\":\"https:\\\/\\\/www.next-care.eu\\\/wp-content\\\/uploads\\\/2023\\\/12\\\/trabajo-equipo-redes.jpg\",\"articleSection\":[\"Non classifi\u00e9(e)\"],\"inLanguage\":\"fr-FR\"},{\"@type\":\"WebPage\",\"@id\":\"https:\\\/\\\/www.next-care.eu\\\/fr\\\/buena-practica-gizarea-implantacion-del-modelo-de-atencion-centrada-en-las-relaciones-en-una-residencia-para-personas-con-demencia-euskadi\\\/\",\"url\":\"https:\\\/\\\/www.next-care.eu\\\/fr\\\/buena-practica-gizarea-implantacion-del-modelo-de-atencion-centrada-en-las-relaciones-en-una-residencia-para-personas-con-demencia-euskadi\\\/\",\"name\":\"Bonne pratique : \\\"Gizarea\\\". Mise en \u0153uvre du mod\u00e8le de soins centr\u00e9s sur la relation dans une r\u00e9sidence pour personnes atteintes de d\u00e9mence (EUSKADI). - Next Care | Ekosistema\",\"isPartOf\":{\"@id\":\"https:\\\/\\\/www.next-care.eu\\\/fr\\\/#website\"},\"primaryImageOfPage\":{\"@id\":\"https:\\\/\\\/www.next-care.eu\\\/fr\\\/buena-practica-gizarea-implantacion-del-modelo-de-atencion-centrada-en-las-relaciones-en-una-residencia-para-personas-con-demencia-euskadi\\\/#primaryimage\"},\"image\":{\"@id\":\"https:\\\/\\\/www.next-care.eu\\\/fr\\\/buena-practica-gizarea-implantacion-del-modelo-de-atencion-centrada-en-las-relaciones-en-una-residencia-para-personas-con-demencia-euskadi\\\/#primaryimage\"},\"thumbnailUrl\":\"https:\\\/\\\/www.next-care.eu\\\/wp-content\\\/uploads\\\/2023\\\/12\\\/trabajo-equipo-redes.jpg\",\"datePublished\":\"2023-12-22T10:21:33+00:00\",\"dateModified\":\"2023-12-28T15:19:21+00:00\",\"inLanguage\":\"fr-FR\",\"potentialAction\":[{\"@type\":\"ReadAction\",\"target\":[\"https:\\\/\\\/www.next-care.eu\\\/fr\\\/buena-practica-gizarea-implantacion-del-modelo-de-atencion-centrada-en-las-relaciones-en-una-residencia-para-personas-con-demencia-euskadi\\\/\"]}]},{\"@type\":\"ImageObject\",\"inLanguage\":\"fr-FR\",\"@id\":\"https:\\\/\\\/www.next-care.eu\\\/fr\\\/buena-practica-gizarea-implantacion-del-modelo-de-atencion-centrada-en-las-relaciones-en-una-residencia-para-personas-con-demencia-euskadi\\\/#primaryimage\",\"url\":\"https:\\\/\\\/www.next-care.eu\\\/wp-content\\\/uploads\\\/2023\\\/12\\\/trabajo-equipo-redes.jpg\",\"contentUrl\":\"https:\\\/\\\/www.next-care.eu\\\/wp-content\\\/uploads\\\/2023\\\/12\\\/trabajo-equipo-redes.jpg\",\"width\":1500,\"height\":1033},{\"@type\":\"WebSite\",\"@id\":\"https:\\\/\\\/www.next-care.eu\\\/fr\\\/#website\",\"url\":\"https:\\\/\\\/www.next-care.eu\\\/fr\\\/\",\"name\":\"Next Care | Ekosistema\",\"description\":\"\",\"publisher\":{\"@id\":\"https:\\\/\\\/www.next-care.eu\\\/fr\\\/#organization\"},\"potentialAction\":[{\"@type\":\"SearchAction\",\"target\":{\"@type\":\"EntryPoint\",\"urlTemplate\":\"https:\\\/\\\/www.next-care.eu\\\/fr\\\/?s={search_term_string}\"},\"query-input\":{\"@type\":\"PropertyValueSpecification\",\"valueRequired\":true,\"valueName\":\"search_term_string\"}}],\"inLanguage\":\"fr-FR\"},{\"@type\":\"Organization\",\"@id\":\"https:\\\/\\\/www.next-care.eu\\\/fr\\\/#organization\",\"name\":\"Next Care | Ekosistema\",\"url\":\"https:\\\/\\\/www.next-care.eu\\\/fr\\\/\",\"logo\":{\"@type\":\"ImageObject\",\"inLanguage\":\"fr-FR\",\"@id\":\"https:\\\/\\\/www.next-care.eu\\\/fr\\\/#\\\/schema\\\/logo\\\/image\\\/\",\"url\":\"https:\\\/\\\/www.next-care.eu\\\/wp-content\\\/uploads\\\/2023\\\/08\\\/cropped-LOGOTIPO-NEXT-CARE_Mesa-de-trabajo-1-02.png\",\"contentUrl\":\"https:\\\/\\\/www.next-care.eu\\\/wp-content\\\/uploads\\\/2023\\\/08\\\/cropped-LOGOTIPO-NEXT-CARE_Mesa-de-trabajo-1-02.png\",\"width\":512,\"height\":512,\"caption\":\"Next Care | Ekosistema\"},\"image\":{\"@id\":\"https:\\\/\\\/www.next-care.eu\\\/fr\\\/#\\\/schema\\\/logo\\\/image\\\/\"}},{\"@type\":\"Person\",\"@id\":\"https:\\\/\\\/www.next-care.eu\\\/fr\\\/#\\\/schema\\\/person\\\/99992bc1887053a1eaf92e6ecbbeeb7b\",\"name\":\"Next Care\",\"image\":{\"@type\":\"ImageObject\",\"inLanguage\":\"fr-FR\",\"@id\":\"https:\\\/\\\/secure.gravatar.com\\\/avatar\\\/f176c8e69c0a3f7099767324f73db03ac043ba69eda570bf28c44eda28286e8d?s=96&d=mm&r=g\",\"url\":\"https:\\\/\\\/secure.gravatar.com\\\/avatar\\\/f176c8e69c0a3f7099767324f73db03ac043ba69eda570bf28c44eda28286e8d?s=96&d=mm&r=g\",\"contentUrl\":\"https:\\\/\\\/secure.gravatar.com\\\/avatar\\\/f176c8e69c0a3f7099767324f73db03ac043ba69eda570bf28c44eda28286e8d?s=96&d=mm&r=g\",\"caption\":\"Next Care\"}}]}<\/script>\n<!-- \/ Yoast SEO plugin. -->","yoast_head_json":{"title":"Bonne pratique : \"Gizarea\". Mise en \u0153uvre du mod\u00e8le de soins centr\u00e9s sur la relation dans une r\u00e9sidence pour personnes atteintes de d\u00e9mence (EUSKADI). - Next Care | Ekosistema","robots":{"index":"index","follow":"follow","max-snippet":"max-snippet:-1","max-image-preview":"max-image-preview:large","max-video-preview":"max-video-preview:-1"},"canonical":"https:\/\/www.next-care.eu\/fr\/buena-practica-gizarea-implantacion-del-modelo-de-atencion-centrada-en-las-relaciones-en-una-residencia-para-personas-con-demencia-euskadi\/","og_locale":"fr_FR","og_type":"article","og_title":"Bonne pratique : \"Gizarea\". Mise en \u0153uvre du mod\u00e8le de soins centr\u00e9s sur la relation dans une r\u00e9sidence pour personnes atteintes de d\u00e9mence (EUSKADI). - Next Care | Ekosistema","og_description":"Le projet \u00ab\u00a0Gizarea\u00a0\u00bb a d\u00e9but\u00e9 en octobre 2021 et s&rsquo;est achev\u00e9 en mai 2022. L&rsquo;objectif \u00e9tait d&rsquo;implanter le mod\u00e8le de soins centr\u00e9s sur les relations dans l&rsquo;un des deux modules d&rsquo;une r\u00e9sidence pour personnes atteintes de d\u00e9mence avanc\u00e9e de l&rsquo;Institut Foral de Bien-\u00eatre Social, \u00e0 Vitoria-Gasteiz. L&rsquo;id\u00e9e \u00e9tait de transformer le mod\u00e8le de soins pour [&hellip;]","og_url":"https:\/\/www.next-care.eu\/fr\/buena-practica-gizarea-implantacion-del-modelo-de-atencion-centrada-en-las-relaciones-en-una-residencia-para-personas-con-demencia-euskadi\/","og_site_name":"Next Care | Ekosistema","article_published_time":"2023-12-22T10:21:33+00:00","article_modified_time":"2023-12-28T15:19:21+00:00","og_image":[{"width":1024,"height":705,"url":"https:\/\/www.next-care.eu\/wp-content\/uploads\/2023\/12\/trabajo-equipo-redes-1024x705.jpg","type":"image\/jpeg"}],"author":"Next Care","twitter_card":"summary_large_image","twitter_misc":{"\u00c9crit par":"Next Care","Dur\u00e9e de lecture estim\u00e9e":"2 minutes"},"schema":{"@context":"https:\/\/schema.org","@graph":[{"@type":"Article","@id":"https:\/\/www.next-care.eu\/fr\/buena-practica-gizarea-implantacion-del-modelo-de-atencion-centrada-en-las-relaciones-en-una-residencia-para-personas-con-demencia-euskadi\/#article","isPartOf":{"@id":"https:\/\/www.next-care.eu\/fr\/buena-practica-gizarea-implantacion-del-modelo-de-atencion-centrada-en-las-relaciones-en-una-residencia-para-personas-con-demencia-euskadi\/"},"author":{"name":"Next Care","@id":"https:\/\/www.next-care.eu\/fr\/#\/schema\/person\/99992bc1887053a1eaf92e6ecbbeeb7b"},"headline":"Bonne pratique : \u00ab\u00a0Gizarea\u00a0\u00bb. Mise en \u0153uvre du mod\u00e8le de soins centr\u00e9s sur la relation dans une r\u00e9sidence pour personnes atteintes de d\u00e9mence (EUSKADI).","datePublished":"2023-12-22T10:21:33+00:00","dateModified":"2023-12-28T15:19:21+00:00","mainEntityOfPage":{"@id":"https:\/\/www.next-care.eu\/fr\/buena-practica-gizarea-implantacion-del-modelo-de-atencion-centrada-en-las-relaciones-en-una-residencia-para-personas-con-demencia-euskadi\/"},"wordCount":351,"publisher":{"@id":"https:\/\/www.next-care.eu\/fr\/#organization"},"image":{"@id":"https:\/\/www.next-care.eu\/fr\/buena-practica-gizarea-implantacion-del-modelo-de-atencion-centrada-en-las-relaciones-en-una-residencia-para-personas-con-demencia-euskadi\/#primaryimage"},"thumbnailUrl":"https:\/\/www.next-care.eu\/wp-content\/uploads\/2023\/12\/trabajo-equipo-redes.jpg","articleSection":["Non classifi\u00e9(e)"],"inLanguage":"fr-FR"},{"@type":"WebPage","@id":"https:\/\/www.next-care.eu\/fr\/buena-practica-gizarea-implantacion-del-modelo-de-atencion-centrada-en-las-relaciones-en-una-residencia-para-personas-con-demencia-euskadi\/","url":"https:\/\/www.next-care.eu\/fr\/buena-practica-gizarea-implantacion-del-modelo-de-atencion-centrada-en-las-relaciones-en-una-residencia-para-personas-con-demencia-euskadi\/","name":"Bonne pratique : \"Gizarea\". Mise en \u0153uvre du mod\u00e8le de soins centr\u00e9s sur la relation dans une r\u00e9sidence pour personnes atteintes de d\u00e9mence (EUSKADI). - Next Care | Ekosistema","isPartOf":{"@id":"https:\/\/www.next-care.eu\/fr\/#website"},"primaryImageOfPage":{"@id":"https:\/\/www.next-care.eu\/fr\/buena-practica-gizarea-implantacion-del-modelo-de-atencion-centrada-en-las-relaciones-en-una-residencia-para-personas-con-demencia-euskadi\/#primaryimage"},"image":{"@id":"https:\/\/www.next-care.eu\/fr\/buena-practica-gizarea-implantacion-del-modelo-de-atencion-centrada-en-las-relaciones-en-una-residencia-para-personas-con-demencia-euskadi\/#primaryimage"},"thumbnailUrl":"https:\/\/www.next-care.eu\/wp-content\/uploads\/2023\/12\/trabajo-equipo-redes.jpg","datePublished":"2023-12-22T10:21:33+00:00","dateModified":"2023-12-28T15:19:21+00:00","inLanguage":"fr-FR","potentialAction":[{"@type":"ReadAction","target":["https:\/\/www.next-care.eu\/fr\/buena-practica-gizarea-implantacion-del-modelo-de-atencion-centrada-en-las-relaciones-en-una-residencia-para-personas-con-demencia-euskadi\/"]}]},{"@type":"ImageObject","inLanguage":"fr-FR","@id":"https:\/\/www.next-care.eu\/fr\/buena-practica-gizarea-implantacion-del-modelo-de-atencion-centrada-en-las-relaciones-en-una-residencia-para-personas-con-demencia-euskadi\/#primaryimage","url":"https:\/\/www.next-care.eu\/wp-content\/uploads\/2023\/12\/trabajo-equipo-redes.jpg","contentUrl":"https:\/\/www.next-care.eu\/wp-content\/uploads\/2023\/12\/trabajo-equipo-redes.jpg","width":1500,"height":1033},{"@type":"WebSite","@id":"https:\/\/www.next-care.eu\/fr\/#website","url":"https:\/\/www.next-care.eu\/fr\/","name":"Next Care | Ekosistema","description":"","publisher":{"@id":"https:\/\/www.next-care.eu\/fr\/#organization"},"potentialAction":[{"@type":"SearchAction","target":{"@type":"EntryPoint","urlTemplate":"https:\/\/www.next-care.eu\/fr\/?s={search_term_string}"},"query-input":{"@type":"PropertyValueSpecification","valueRequired":true,"valueName":"search_term_string"}}],"inLanguage":"fr-FR"},{"@type":"Organization","@id":"https:\/\/www.next-care.eu\/fr\/#organization","name":"Next Care | Ekosistema","url":"https:\/\/www.next-care.eu\/fr\/","logo":{"@type":"ImageObject","inLanguage":"fr-FR","@id":"https:\/\/www.next-care.eu\/fr\/#\/schema\/logo\/image\/","url":"https:\/\/www.next-care.eu\/wp-content\/uploads\/2023\/08\/cropped-LOGOTIPO-NEXT-CARE_Mesa-de-trabajo-1-02.png","contentUrl":"https:\/\/www.next-care.eu\/wp-content\/uploads\/2023\/08\/cropped-LOGOTIPO-NEXT-CARE_Mesa-de-trabajo-1-02.png","width":512,"height":512,"caption":"Next Care | Ekosistema"},"image":{"@id":"https:\/\/www.next-care.eu\/fr\/#\/schema\/logo\/image\/"}},{"@type":"Person","@id":"https:\/\/www.next-care.eu\/fr\/#\/schema\/person\/99992bc1887053a1eaf92e6ecbbeeb7b","name":"Next Care","image":{"@type":"ImageObject","inLanguage":"fr-FR","@id":"https:\/\/secure.gravatar.com\/avatar\/f176c8e69c0a3f7099767324f73db03ac043ba69eda570bf28c44eda28286e8d?s=96&d=mm&r=g","url":"https:\/\/secure.gravatar.com\/avatar\/f176c8e69c0a3f7099767324f73db03ac043ba69eda570bf28c44eda28286e8d?s=96&d=mm&r=g","contentUrl":"https:\/\/secure.gravatar.com\/avatar\/f176c8e69c0a3f7099767324f73db03ac043ba69eda570bf28c44eda28286e8d?s=96&d=mm&r=g","caption":"Next Care"}}]}},"_links":{"self":[{"href":"https:\/\/www.next-care.eu\/fr\/wp-json\/wp\/v2\/posts\/2932","targetHints":{"allow":["GET"]}}],"collection":[{"href":"https:\/\/www.next-care.eu\/fr\/wp-json\/wp\/v2\/posts"}],"about":[{"href":"https:\/\/www.next-care.eu\/fr\/wp-json\/wp\/v2\/types\/post"}],"author":[{"embeddable":true,"href":"https:\/\/www.next-care.eu\/fr\/wp-json\/wp\/v2\/users\/3"}],"replies":[{"embeddable":true,"href":"https:\/\/www.next-care.eu\/fr\/wp-json\/wp\/v2\/comments?post=2932"}],"version-history":[{"count":3,"href":"https:\/\/www.next-care.eu\/fr\/wp-json\/wp\/v2\/posts\/2932\/revisions"}],"predecessor-version":[{"id":2950,"href":"https:\/\/www.next-care.eu\/fr\/wp-json\/wp\/v2\/posts\/2932\/revisions\/2950"}],"wp:featuredmedia":[{"embeddable":true,"href":"https:\/\/www.next-care.eu\/fr\/wp-json\/wp\/v2\/media\/2823"}],"wp:attachment":[{"href":"https:\/\/www.next-care.eu\/fr\/wp-json\/wp\/v2\/media?parent=2932"}],"wp:term":[{"taxonomy":"category","embeddable":true,"href":"https:\/\/www.next-care.eu\/fr\/wp-json\/wp\/v2\/categories?post=2932"},{"taxonomy":"post_tag","embeddable":true,"href":"https:\/\/www.next-care.eu\/fr\/wp-json\/wp\/v2\/tags?post=2932"}],"curies":[{"name":"wp","href":"https:\/\/api.w.org\/{rel}","templated":true}]}}